
{"id":100209,"date":"2022-02-08T23:13:13","date_gmt":"2022-02-09T02:13:13","guid":{"rendered":"https:\/\/www.sudoestehoje.com.br\/novoportal\/?p=100209"},"modified":"2022-02-09T00:01:44","modified_gmt":"2022-02-09T03:01:44","slug":"tse-aprova-fusao-do-dem-com-psl-e-ciacao-do-uniao-brasil-por-unanimidade","status":"publish","type":"post","link":"https:\/\/www.sudoestehoje.com.br\/novoportal\/2022\/02\/08\/tse-aprova-fusao-do-dem-com-psl-e-ciacao-do-uniao-brasil-por-unanimidade\/","title":{"rendered":"TSE APROVA FUS\u00c3O DO DEM COM PSL E CRIA\u00c7\u00c3O DO UNI\u00c3O BRASIL, POR UNANIMIDADE"},"content":{"rendered":"<p><a href=\"https:\/\/www.sudoestehoje.com.br\/novoportal\/wp-content\/uploads\/2022\/02\/16337353246160d29cb9595_1633735324_3x2_md.jpg\"><img loading=\"lazy\" decoding=\"async\" class=\"aligncenter size-medium wp-image-100211\" src=\"https:\/\/www.sudoestehoje.com.br\/novoportal\/wp-content\/uploads\/2022\/02\/16337353246160d29cb9595_1633735324_3x2_md-500x333.jpg\" alt=\"\" width=\"500\" height=\"333\" srcset=\"https:\/\/www.sudoestehoje.com.br\/novoportal\/wp-content\/uploads\/2022\/02\/16337353246160d29cb9595_1633735324_3x2_md-500x333.jpg 500w, https:\/\/www.sudoestehoje.com.br\/novoportal\/wp-content\/uploads\/2022\/02\/16337353246160d29cb9595_1633735324_3x2_md-700x467.jpg 700w, https:\/\/www.sudoestehoje.com.br\/novoportal\/wp-content\/uploads\/2022\/02\/16337353246160d29cb9595_1633735324_3x2_md.jpg 768w\" sizes=\"auto, (max-width: 500px) 100vw, 500px\" \/><\/a><\/p>\n<p>Por unanimidade, o Tribunal Superior Eleitoral (TSE) aprovou nesta ter\u00e7a-feira, 8, a cria\u00e7\u00e3o do Uni\u00e3o Brasil, que surge com a fus\u00e3o de DEM e PSL. Em outubro do ano passado, as siglas aprovaram o estatuto do novo partido, que adotar\u00e1 o n\u00famero 44 nas urnas.<\/p>\n<p>Pr\u00e9-candidato ao governo da Bahia, o ex-prefeito ACM Neto ser\u00e1 secret\u00e1rio-geral da nova legenda. &#8220;A cria\u00e7\u00e3o do Uni\u00e3o Brasil, que acaba de ser oficializada pela Justi\u00e7a Eleitoral, \u00e9 um marco para a pol\u00edtica do nosso pa\u00eds. Num momento em que o Brasil est\u00e1 t\u00e3o dividido, unimos nossas for\u00e7as para trabalhar por um pa\u00eds mais democr\u00e1tico, livre e justo&#8221;, afirmou Neto, em publica\u00e7\u00e3o no Twitter. &#8220;Temos consci\u00eancia do nosso papel e, com certeza, vamos corresponder \u00e0s expectativas dos brasileiros que desejam uma pol\u00edtica mais s\u00e9ria, eficiente e que seja capaz de fazer a diferen\u00e7a na vida das pessoas&#8221;, completou.<\/p>\n<p>O partido nasce com a maior bancada do Congresso. Atualmente, o PSL possui 55 deputados federais e o DEM, 26. No Senado, s\u00e3o cinco parlamentares do DEM e 2 do PSL.<\/p>\n<p>Al\u00e9m disso, ser\u00e3o tr\u00eas governos estaduais (Goi\u00e1s, Mato Grosso e Rond\u00f4nia), 552 prefeituras e 129 deputados estaduais e distritais. O Uni\u00e3o Brasil ter\u00e1 acesso a R$ 1 bilh\u00e3o de fundo eleitoral.<\/p>\n<p>O n\u00famero de filiados, por\u00e9m, pode mudar entre mar\u00e7o e abril na &#8220;janela partid\u00e1ria\u201d, na qual os pol\u00edticos ter\u00e3o 30 dias para mudar de partido sem perder o mandato atual.<\/p>\n","protected":false},"excerpt":{"rendered":"<p>Por unanimidade, o Tribunal Superior Eleitoral (TSE) aprovou nesta ter\u00e7a-feira, 8, a cria\u00e7\u00e3o do Uni\u00e3o Brasil, que surge com a fus\u00e3o de DEM e PSL. Em outubro do ano passado, as siglas aprovaram o estatuto do novo partido, que adotar\u00e1 o n\u00famero 44 nas urnas. Pr\u00e9-candidato ao governo da Bahia, o ex-prefeito ACM Neto ser\u00e1 [&hellip;]<\/p>\n","protected":false},"author":2,"featured_media":100211,"comment_status":"open","ping_status":"open","sticky":false,"template":"","format":"standard","meta":{"footnotes":"","_links_to":"","_links_to_target":""},"categories":[1],"tags":[],"class_list":["post-100209","post","type-post","status-publish","format-standard","has-post-thumbnail","hentry","category-geral"],"views":722,"_links":{"self":[{"href":"https:\/\/www.sudoestehoje.com.br\/novoportal\/wp-json\/wp\/v2\/posts\/100209","targetHints":{"allow":["GET"]}}],"collection":[{"href":"https:\/\/www.sudoestehoje.com.br\/novoportal\/wp-json\/wp\/v2\/posts"}],"about":[{"href":"https:\/\/www.sudoestehoje.com.br\/novoportal\/wp-json\/wp\/v2\/types\/post"}],"author":[{"embeddable":true,"href":"https:\/\/www.sudoestehoje.com.br\/novoportal\/wp-json\/wp\/v2\/users\/2"}],"replies":[{"embeddable":true,"href":"https:\/\/www.sudoestehoje.com.br\/novoportal\/wp-json\/wp\/v2\/comments?post=100209"}],"version-history":[{"count":3,"href":"https:\/\/www.sudoestehoje.com.br\/novoportal\/wp-json\/wp\/v2\/posts\/100209\/revisions"}],"predecessor-version":[{"id":100224,"href":"https:\/\/www.sudoestehoje.com.br\/novoportal\/wp-json\/wp\/v2\/posts\/100209\/revisions\/100224"}],"wp:featuredmedia":[{"embeddable":true,"href":"https:\/\/www.sudoestehoje.com.br\/novoportal\/wp-json\/wp\/v2\/media\/100211"}],"wp:attachment":[{"href":"https:\/\/www.sudoestehoje.com.br\/novoportal\/wp-json\/wp\/v2\/media?parent=100209"}],"wp:term":[{"taxonomy":"category","embeddable":true,"href":"https:\/\/www.sudoestehoje.com.br\/novoportal\/wp-json\/wp\/v2\/categories?post=100209"},{"taxonomy":"post_tag","embeddable":true,"href":"https:\/\/www.sudoestehoje.com.br\/novoportal\/wp-json\/wp\/v2\/tags?post=100209"}],"curies":[{"name":"wp","href":"https:\/\/api.w.org\/{rel}","templated":true}]}}