
{"id":100165,"date":"2022-02-06T20:07:12","date_gmt":"2022-02-06T23:07:12","guid":{"rendered":"https:\/\/www.sudoestehoje.com.br\/novoportal\/?p=100165"},"modified":"2022-02-06T20:07:12","modified_gmt":"2022-02-06T23:07:12","slug":"justica-federal-rejeita-denuncia-contra-temer-e-outros-figuroes-acusados-de-corrupcao","status":"publish","type":"post","link":"https:\/\/www.sudoestehoje.com.br\/novoportal\/2022\/02\/06\/justica-federal-rejeita-denuncia-contra-temer-e-outros-figuroes-acusados-de-corrupcao\/","title":{"rendered":"JUSTI\u00c7A FEDERAL REJEITA DEN\u00daNCIA CONTRA TEMER E OUTROS FIGUR\u00d5ES ACUSADOS DE CORRUP\u00c7\u00c3O"},"content":{"rendered":"<p><a href=\"https:\/\/www.sudoestehoje.com.br\/novoportal\/wp-content\/uploads\/2022\/02\/31184856910367.jpg\"><img loading=\"lazy\" decoding=\"async\" class=\"aligncenter size-medium wp-image-100168\" src=\"https:\/\/www.sudoestehoje.com.br\/novoportal\/wp-content\/uploads\/2022\/02\/31184856910367-500x281.jpg\" alt=\"\" width=\"500\" height=\"281\" srcset=\"https:\/\/www.sudoestehoje.com.br\/novoportal\/wp-content\/uploads\/2022\/02\/31184856910367-500x281.jpg 500w, https:\/\/www.sudoestehoje.com.br\/novoportal\/wp-content\/uploads\/2022\/02\/31184856910367-700x394.jpg 700w, https:\/\/www.sudoestehoje.com.br\/novoportal\/wp-content\/uploads\/2022\/02\/31184856910367-768x432.jpg 768w, https:\/\/www.sudoestehoje.com.br\/novoportal\/wp-content\/uploads\/2022\/02\/31184856910367.jpg 1200w\" sizes=\"auto, (max-width: 500px) 100vw, 500px\" \/><\/a><\/p>\n<p>A Justi\u00e7a Federal em Bras\u00edlia rejeitou a den\u00fancia contra o ex-presidente Michel Temer (MDB), o ex-ministro de Minas e Energia Moreira Franco e mais seis pessoas pelos crimes de corrup\u00e7\u00e3o e lavagem de dinheiro.<\/p>\n<p>Para o juiz Marcus Vin\u00edcius Reis Bastos, da 12\u00aa Vara Federal do Distrito Federal, n\u00e3o h\u00e1 justa causa para dar continuidade \u00e0 den\u00fancia, que considerou \u201cgen\u00e9rica\u201d e \u201cdesprovida de elementos m\u00ednimos que lhe deem verossimilhan\u00e7a\u201d.<\/p>\n<p>Bastos tamb\u00e9m afirmou que a acusa\u00e7\u00e3o cont\u00e9m quatro relat\u00f3rios policiais extensos, que n\u00e3o provam efetivamente nada sobre fatos apresentados na den\u00fancia.<\/p>\n<p>Al\u00e9m do ex-presidente e do ex-ministro, a decis\u00e3o tamb\u00e9m beneficia o ex-presidente da Eletronuclear Othon Luiz Pinheiro da Silva; o amigo pessoal de Temer Jo\u00e3o Baptista Lima Filho, conhecido como coronel Lima; um dos s\u00f3cios da empreiteira Engevix Jos\u00e9 Antunes Sobrinho; e os empres\u00e1rios Carlos Alberto Costa, Maria Rita Fratezi e Rodrigo Castro Alves Neves.<\/p>\n<p>Em 2019, o juiz federal Marcelo Bretas aceitou a mesma den\u00fancia, e Temer chegou a ser preso em mar\u00e7o daquele ano.<\/p>\n<p>A defesa dos acusados recorreu, e o caso foi parar no STF, onde o ministro Alexandre de Moraes considerou que Bretas n\u00e3o tinha compet\u00eancia para julgar o caso e o enviou para a 12\u00aa Vara Federal do Distrito Federal.<\/p>\n","protected":false},"excerpt":{"rendered":"<p>A Justi\u00e7a Federal em Bras\u00edlia rejeitou a den\u00fancia contra o ex-presidente Michel Temer (MDB), o ex-ministro de Minas e Energia Moreira Franco e mais seis pessoas pelos crimes de corrup\u00e7\u00e3o e lavagem de dinheiro. Para o juiz Marcus Vin\u00edcius Reis Bastos, da 12\u00aa Vara Federal do Distrito Federal, n\u00e3o h\u00e1 justa causa para dar continuidade [&hellip;]<\/p>\n","protected":false},"author":2,"featured_media":100168,"comment_status":"open","ping_status":"open","sticky":false,"template":"","format":"standard","meta":{"footnotes":"","_links_to":"","_links_to_target":""},"categories":[1],"tags":[],"class_list":["post-100165","post","type-post","status-publish","format-standard","has-post-thumbnail","hentry","category-geral"],"views":659,"_links":{"self":[{"href":"https:\/\/www.sudoestehoje.com.br\/novoportal\/wp-json\/wp\/v2\/posts\/100165","targetHints":{"allow":["GET"]}}],"collection":[{"href":"https:\/\/www.sudoestehoje.com.br\/novoportal\/wp-json\/wp\/v2\/posts"}],"about":[{"href":"https:\/\/www.sudoestehoje.com.br\/novoportal\/wp-json\/wp\/v2\/types\/post"}],"author":[{"embeddable":true,"href":"https:\/\/www.sudoestehoje.com.br\/novoportal\/wp-json\/wp\/v2\/users\/2"}],"replies":[{"embeddable":true,"href":"https:\/\/www.sudoestehoje.com.br\/novoportal\/wp-json\/wp\/v2\/comments?post=100165"}],"version-history":[{"count":3,"href":"https:\/\/www.sudoestehoje.com.br\/novoportal\/wp-json\/wp\/v2\/posts\/100165\/revisions"}],"predecessor-version":[{"id":100169,"href":"https:\/\/www.sudoestehoje.com.br\/novoportal\/wp-json\/wp\/v2\/posts\/100165\/revisions\/100169"}],"wp:featuredmedia":[{"embeddable":true,"href":"https:\/\/www.sudoestehoje.com.br\/novoportal\/wp-json\/wp\/v2\/media\/100168"}],"wp:attachment":[{"href":"https:\/\/www.sudoestehoje.com.br\/novoportal\/wp-json\/wp\/v2\/media?parent=100165"}],"wp:term":[{"taxonomy":"category","embeddable":true,"href":"https:\/\/www.sudoestehoje.com.br\/novoportal\/wp-json\/wp\/v2\/categories?post=100165"},{"taxonomy":"post_tag","embeddable":true,"href":"https:\/\/www.sudoestehoje.com.br\/novoportal\/wp-json\/wp\/v2\/tags?post=100165"}],"curies":[{"name":"wp","href":"https:\/\/api.w.org\/{rel}","templated":true}]}}