
{"id":100136,"date":"2022-02-04T17:17:46","date_gmt":"2022-02-04T20:17:46","guid":{"rendered":"https:\/\/www.sudoestehoje.com.br\/novoportal\/?p=100136"},"modified":"2022-02-04T18:38:42","modified_gmt":"2022-02-04T21:38:42","slug":"100136","status":"publish","type":"post","link":"https:\/\/www.sudoestehoje.com.br\/novoportal\/2022\/02\/04\/100136\/","title":{"rendered":"AULAS NA REDE ESTADUAL TER\u00c3O IN\u00cdCIO NA PR\u00d3XIMA SEGUNDA, GARANTE SECRET\u00c1RIO"},"content":{"rendered":"<p><a href=\"https:\/\/www.sudoestehoje.com.br\/novoportal\/wp-content\/uploads\/2022\/02\/sala-de-aula.jpeg\"><img loading=\"lazy\" decoding=\"async\" class=\"aligncenter size-medium wp-image-100137\" src=\"https:\/\/www.sudoestehoje.com.br\/novoportal\/wp-content\/uploads\/2022\/02\/sala-de-aula-500x350.jpeg\" alt=\"\" width=\"500\" height=\"350\" srcset=\"https:\/\/www.sudoestehoje.com.br\/novoportal\/wp-content\/uploads\/2022\/02\/sala-de-aula-500x350.jpeg 500w, https:\/\/www.sudoestehoje.com.br\/novoportal\/wp-content\/uploads\/2022\/02\/sala-de-aula.jpeg 600w\" sizes=\"auto, (max-width: 500px) 100vw, 500px\" \/><\/a><\/p>\n<p>O secret\u00e1rio de Educa\u00e7\u00e3o da Bahia, Jer\u00f4nimo Rodrigues, confirmou ao BN que o ano letivo de 2022, no formato presencial na rede estadual de ensino, vai ter in\u00edcio na pr\u00f3xima segunda-feira (7).<em> \u201cN\u00e3o ser\u00e1 adiado\u201d<\/em>, afirmou o secret\u00e1rio.<\/p>\n<p>A confirma\u00e7\u00e3o do titular da pasta veio ap\u00f3s a circula\u00e7\u00e3o de boatos que diziam que o come\u00e7o das aulas seria postergado por conta do avan\u00e7o da contamina\u00e7\u00e3o por Covid-19 causada pela variante \u00d4micron.<\/p>\n<p>Em raz\u00e3o do agravamento da pandemia, alguns estados optaram por adiar as aulas presenciais.<\/p>\n<p><strong>VOLTA \u00c0S AULAS EM ITAPETINGA<\/strong><\/p>\n<p>Em Itapetinga, algumas unidades escolares da rede estadual devem retornar no formato remoto, ap\u00f3s alguns professores testarem positivo para a Covid-19, a exemplo do Col\u00e9gio Estadual Alfredo Dutra.<\/p>\n<p>A rede municipal deve retornar a partir do dia 21 de fevereiro, por decis\u00e3o da Secretaria Municipal de Educa\u00e7\u00e3o.<\/p>\n<p>O momento \u00e8 dif\u00edcil, mas a educa\u00e7\u00e3o n\u00e3o pode parar de novo.<\/p>\n<p><strong><em>Reda\u00e7\u00e3o SH<\/em><\/strong><\/p>\n","protected":false},"excerpt":{"rendered":"<p>O secret\u00e1rio de Educa\u00e7\u00e3o da Bahia, Jer\u00f4nimo Rodrigues, confirmou ao BN que o ano letivo de 2022, no formato presencial na rede estadual de ensino, vai ter in\u00edcio na pr\u00f3xima segunda-feira (7). \u201cN\u00e3o ser\u00e1 adiado\u201d, afirmou o secret\u00e1rio. A confirma\u00e7\u00e3o do titular da pasta veio ap\u00f3s a circula\u00e7\u00e3o de boatos que diziam que o come\u00e7o [&hellip;]<\/p>\n","protected":false},"author":2,"featured_media":100137,"comment_status":"open","ping_status":"open","sticky":false,"template":"","format":"standard","meta":{"footnotes":"","_links_to":"","_links_to_target":""},"categories":[1],"tags":[],"class_list":["post-100136","post","type-post","status-publish","format-standard","has-post-thumbnail","hentry","category-geral"],"views":766,"_links":{"self":[{"href":"https:\/\/www.sudoestehoje.com.br\/novoportal\/wp-json\/wp\/v2\/posts\/100136","targetHints":{"allow":["GET"]}}],"collection":[{"href":"https:\/\/www.sudoestehoje.com.br\/novoportal\/wp-json\/wp\/v2\/posts"}],"about":[{"href":"https:\/\/www.sudoestehoje.com.br\/novoportal\/wp-json\/wp\/v2\/types\/post"}],"author":[{"embeddable":true,"href":"https:\/\/www.sudoestehoje.com.br\/novoportal\/wp-json\/wp\/v2\/users\/2"}],"replies":[{"embeddable":true,"href":"https:\/\/www.sudoestehoje.com.br\/novoportal\/wp-json\/wp\/v2\/comments?post=100136"}],"version-history":[{"count":4,"href":"https:\/\/www.sudoestehoje.com.br\/novoportal\/wp-json\/wp\/v2\/posts\/100136\/revisions"}],"predecessor-version":[{"id":100141,"href":"https:\/\/www.sudoestehoje.com.br\/novoportal\/wp-json\/wp\/v2\/posts\/100136\/revisions\/100141"}],"wp:featuredmedia":[{"embeddable":true,"href":"https:\/\/www.sudoestehoje.com.br\/novoportal\/wp-json\/wp\/v2\/media\/100137"}],"wp:attachment":[{"href":"https:\/\/www.sudoestehoje.com.br\/novoportal\/wp-json\/wp\/v2\/media?parent=100136"}],"wp:term":[{"taxonomy":"category","embeddable":true,"href":"https:\/\/www.sudoestehoje.com.br\/novoportal\/wp-json\/wp\/v2\/categories?post=100136"},{"taxonomy":"post_tag","embeddable":true,"href":"https:\/\/www.sudoestehoje.com.br\/novoportal\/wp-json\/wp\/v2\/tags?post=100136"}],"curies":[{"name":"wp","href":"https:\/\/api.w.org\/{rel}","templated":true}]}}