
{"id":100116,"date":"2022-02-03T22:47:37","date_gmt":"2022-02-04T01:47:37","guid":{"rendered":"https:\/\/www.sudoestehoje.com.br\/novoportal\/?p=100116"},"modified":"2022-02-03T22:47:37","modified_gmt":"2022-02-04T01:47:37","slug":"itapetinga-chega-a-166-mortes-por-covid-19","status":"publish","type":"post","link":"https:\/\/www.sudoestehoje.com.br\/novoportal\/2022\/02\/03\/itapetinga-chega-a-166-mortes-por-covid-19\/","title":{"rendered":"ITAPETINGA CHEGA A 166 MORTES POR COVID-19"},"content":{"rendered":"<p>Com mais um \u00f3bito registrado nas \u00faltimas 24 horas, o munic\u00edpio de Itapetinga chega a um total de 166 mortes por covid-19, desde o in\u00edcio da pandemia. Confira boletim desta quinta-feira (3):<\/p>\n<p><a href=\"https:\/\/www.sudoestehoje.com.br\/novoportal\/wp-content\/uploads\/2022\/02\/WhatsApp-Image-2022-02-03-at-22.44.50.jpeg\"><img loading=\"lazy\" decoding=\"async\" class=\"aligncenter size-medium wp-image-100118\" src=\"https:\/\/www.sudoestehoje.com.br\/novoportal\/wp-content\/uploads\/2022\/02\/WhatsApp-Image-2022-02-03-at-22.44.50-500x500.jpeg\" alt=\"\" width=\"500\" height=\"500\" srcset=\"https:\/\/www.sudoestehoje.com.br\/novoportal\/wp-content\/uploads\/2022\/02\/WhatsApp-Image-2022-02-03-at-22.44.50-500x500.jpeg 500w, https:\/\/www.sudoestehoje.com.br\/novoportal\/wp-content\/uploads\/2022\/02\/WhatsApp-Image-2022-02-03-at-22.44.50-700x700.jpeg 700w, https:\/\/www.sudoestehoje.com.br\/novoportal\/wp-content\/uploads\/2022\/02\/WhatsApp-Image-2022-02-03-at-22.44.50-150x150.jpeg 150w, https:\/\/www.sudoestehoje.com.br\/novoportal\/wp-content\/uploads\/2022\/02\/WhatsApp-Image-2022-02-03-at-22.44.50-768x768.jpeg 768w, https:\/\/www.sudoestehoje.com.br\/novoportal\/wp-content\/uploads\/2022\/02\/WhatsApp-Image-2022-02-03-at-22.44.50.jpeg 1181w\" sizes=\"auto, (max-width: 500px) 100vw, 500px\" \/><\/a><\/p>\n","protected":false},"excerpt":{"rendered":"<p>Com mais um \u00f3bito registrado nas \u00faltimas 24 horas, o munic\u00edpio de Itapetinga chega a um total de 166 mortes por covid-19, desde o in\u00edcio da pandemia. Confira boletim desta quinta-feira (3):<\/p>\n","protected":false},"author":2,"featured_media":100118,"comment_status":"open","ping_status":"open","sticky":false,"template":"","format":"standard","meta":{"footnotes":"","_links_to":"","_links_to_target":""},"categories":[1],"tags":[],"class_list":["post-100116","post","type-post","status-publish","format-standard","has-post-thumbnail","hentry","category-geral"],"views":792,"_links":{"self":[{"href":"https:\/\/www.sudoestehoje.com.br\/novoportal\/wp-json\/wp\/v2\/posts\/100116","targetHints":{"allow":["GET"]}}],"collection":[{"href":"https:\/\/www.sudoestehoje.com.br\/novoportal\/wp-json\/wp\/v2\/posts"}],"about":[{"href":"https:\/\/www.sudoestehoje.com.br\/novoportal\/wp-json\/wp\/v2\/types\/post"}],"author":[{"embeddable":true,"href":"https:\/\/www.sudoestehoje.com.br\/novoportal\/wp-json\/wp\/v2\/users\/2"}],"replies":[{"embeddable":true,"href":"https:\/\/www.sudoestehoje.com.br\/novoportal\/wp-json\/wp\/v2\/comments?post=100116"}],"version-history":[{"count":2,"href":"https:\/\/www.sudoestehoje.com.br\/novoportal\/wp-json\/wp\/v2\/posts\/100116\/revisions"}],"predecessor-version":[{"id":100119,"href":"https:\/\/www.sudoestehoje.com.br\/novoportal\/wp-json\/wp\/v2\/posts\/100116\/revisions\/100119"}],"wp:featuredmedia":[{"embeddable":true,"href":"https:\/\/www.sudoestehoje.com.br\/novoportal\/wp-json\/wp\/v2\/media\/100118"}],"wp:attachment":[{"href":"https:\/\/www.sudoestehoje.com.br\/novoportal\/wp-json\/wp\/v2\/media?parent=100116"}],"wp:term":[{"taxonomy":"category","embeddable":true,"href":"https:\/\/www.sudoestehoje.com.br\/novoportal\/wp-json\/wp\/v2\/categories?post=100116"},{"taxonomy":"post_tag","embeddable":true,"href":"https:\/\/www.sudoestehoje.com.br\/novoportal\/wp-json\/wp\/v2\/tags?post=100116"}],"curies":[{"name":"wp","href":"https:\/\/api.w.org\/{rel}","templated":true}]}}