
{"id":100111,"date":"2022-02-03T22:23:08","date_gmt":"2022-02-04T01:23:08","guid":{"rendered":"https:\/\/www.sudoestehoje.com.br\/novoportal\/?p=100111"},"modified":"2022-02-03T22:40:37","modified_gmt":"2022-02-04T01:40:37","slug":"bahia-bate-recorde-de-casos-ativos-da-covid-19-com-mais-de-15-mil-registros-em-24-horas","status":"publish","type":"post","link":"https:\/\/www.sudoestehoje.com.br\/novoportal\/2022\/02\/03\/bahia-bate-recorde-de-casos-ativos-da-covid-19-com-mais-de-15-mil-registros-em-24-horas\/","title":{"rendered":"BAHIA BATE RECORDE DE CASOS ATIVOS DA COVID-19 COM MAIS DE 15 MIL REGISTROS EM 24 HORAS"},"content":{"rendered":"<div class=\"mc-column content-text active-extra-styles \" data-block-type=\"unstyled\" data-block-weight=\"38\" data-block-id=\"2\">\n<p data-track-category=\"Link no Texto\" data-track-links=\"\"><a href=\"https:\/\/www.sudoestehoje.com.br\/novoportal\/wp-content\/uploads\/2022\/02\/leitos-covid.jpg\"><img loading=\"lazy\" decoding=\"async\" class=\"aligncenter size-medium wp-image-100114\" src=\"https:\/\/www.sudoestehoje.com.br\/novoportal\/wp-content\/uploads\/2022\/02\/leitos-covid-500x300.jpg\" alt=\"\" width=\"500\" height=\"300\" srcset=\"https:\/\/www.sudoestehoje.com.br\/novoportal\/wp-content\/uploads\/2022\/02\/leitos-covid-500x300.jpg 500w, https:\/\/www.sudoestehoje.com.br\/novoportal\/wp-content\/uploads\/2022\/02\/leitos-covid-700x420.jpg 700w, https:\/\/www.sudoestehoje.com.br\/novoportal\/wp-content\/uploads\/2022\/02\/leitos-covid-768x461.jpg 768w, https:\/\/www.sudoestehoje.com.br\/novoportal\/wp-content\/uploads\/2022\/02\/leitos-covid.jpg 1086w\" sizes=\"auto, (max-width: 500px) 100vw, 500px\" \/><\/a><\/p>\n<p class=\"content-text__container \" data-track-category=\"Link no Texto\" data-track-links=\"\">Com o registro de <strong>35.349 casos<\/strong> ativos de Covid-19 nesta quinta-feira (3), a Bahia atinge, at\u00e9 ent\u00e3o, o maior n\u00famero deste indicador em toda a pandemia, conforme informa a Secretaria de Sa\u00fade do Estado (Sesab) nesta quinta.<\/p>\n<\/div>\n<div class=\"wall protected-content\">\n<div class=\"mc-column content-text active-extra-styles\" data-block-type=\"raw\" data-block-weight=\"9\" data-block-id=\"3\">\n<ul class=\"content-unordered-list\">\n<li><a href=\"https:\/\/g1.globo.com\/ba\/bahia\/noticia\/2021\/03\/19\/mortes-e-casos-de-covid-nas-cidades-da-bahia.ghtml\">Mortes e casos de Covid-19 nas cidades da Bahia<\/a><\/li>\n<\/ul>\n<\/div>\n<div class=\"mc-column content-text active-extra-styles \" data-block-type=\"unstyled\" data-block-weight=\"49\" data-block-id=\"4\">\n<p class=\"content-text__container \" data-track-category=\"Link no Texto\" data-track-links=\"\">Anteriormente o maior registro havia sido feito em 29 de janeiro de 2022, com 31.884 ativos. Outro recorde alcan\u00e7ado foi o de<span class=\"highlight highlighted\">\u00a0novos casos em 24 horas, no total 15.536.\u00a0<\/span>Antes, o mais elevado registro havia sido feito em 27 de junho de 2020, com o total de 8.822.<\/p>\n<\/div>\n<div class=\"mc-column content-text active-extra-styles \" data-block-type=\"unstyled\" data-block-weight=\"22\" data-block-id=\"5\">\n<p class=\"content-text__container \" data-track-category=\"Link no Texto\" data-track-links=\"\">O boletim registra ainda <strong>51 \u00f3bitos<\/strong>. Dos 1.389.564 casos confirmados desde o in\u00edcio da pandemia, 1.326.138 s\u00e3o considerados recuperados e 28.077 morreram.<\/p>\n<\/div>\n<div class=\"content-ads content-ads--reveal\" data-block-type=\"ads\" data-block-id=\"6\">Al\u00e9m disso, 1.730.346 casos foram descartados, 316.427 est\u00e3o em investiga\u00e7\u00e3o e 58.462 profissionais da sa\u00fade foram confirmados para Covid-19.<\/div>\n<div class=\"mc-column content-text active-extra-styles \" data-block-type=\"unstyled\" data-block-weight=\"37\" data-block-id=\"8\">\n<p class=\"content-text__container \" data-track-category=\"Link no Texto\" data-track-links=\"\">Estes dados representam notifica\u00e7\u00f5es oficiais compiladas pela Diretoria de Vigil\u00e2ncia Epidemiol\u00f3gica em Sa\u00fade da Bahia (Divep-BA), em conjunto com as vigil\u00e2ncias municipais e as bases de dados do Minist\u00e9rio da Sa\u00fade at\u00e9 as 17h desta quinta-feira.<\/p>\n<\/div>\n<div class=\"mc-column content-text active-extra-styles \" data-block-type=\"unstyled\" data-block-weight=\"13\" data-block-id=\"9\">\n<p class=\"content-text__container \" data-track-category=\"Link no Texto\" data-track-links=\"\">O boletim completo est\u00e1 dispon\u00edvel no<a href=\"http:\/\/www.saude.ba.gov.br\/wp-content\/uploads\/2022\/02\/BOLETIM_ELETRONICO_BAHIAN_679___01022022.pdf\" target=\"_blank\" rel=\"noopener noreferrer\">\u00a0<\/a><a href=\"http:\/\/www.saude.ba.gov.br\/wp-content\/uploads\/2022\/02\/BOLETIM_ELETRONICO_BAHIAN_681___03022022.pdf\" target=\"_blank\" rel=\"noopener noreferrer\">site da Sesab<\/a><a href=\"http:\/\/www.saude.ba.gov.br\/wp-content\/uploads\/2022\/02\/BOLETIM_ELETRONICO_BAHIAN_679___01022022.pdf\" target=\"_blank\" rel=\"noopener noreferrer\">\u00a0<\/a>e no\u00a0<a href=\"https:\/\/bi.saude.ba.gov.br\/transparencia\/\" target=\"_blank\" rel=\"noopener noreferrer\">Business Intelligence.<\/a><\/p>\n<\/div>\n<\/div>\n","protected":false},"excerpt":{"rendered":"<p>Com o registro de 35.349 casos ativos de Covid-19 nesta quinta-feira (3), a Bahia atinge, at\u00e9 ent\u00e3o, o maior n\u00famero deste indicador em toda a pandemia, conforme informa a Secretaria de Sa\u00fade do Estado (Sesab) nesta quinta. Mortes e casos de Covid-19 nas cidades da Bahia Anteriormente o maior registro havia sido feito em 29 [&hellip;]<\/p>\n","protected":false},"author":2,"featured_media":100114,"comment_status":"open","ping_status":"open","sticky":false,"template":"","format":"standard","meta":{"footnotes":"","_links_to":"","_links_to_target":""},"categories":[1],"tags":[],"class_list":["post-100111","post","type-post","status-publish","format-standard","has-post-thumbnail","hentry","category-geral"],"views":1091,"_links":{"self":[{"href":"https:\/\/www.sudoestehoje.com.br\/novoportal\/wp-json\/wp\/v2\/posts\/100111","targetHints":{"allow":["GET"]}}],"collection":[{"href":"https:\/\/www.sudoestehoje.com.br\/novoportal\/wp-json\/wp\/v2\/posts"}],"about":[{"href":"https:\/\/www.sudoestehoje.com.br\/novoportal\/wp-json\/wp\/v2\/types\/post"}],"author":[{"embeddable":true,"href":"https:\/\/www.sudoestehoje.com.br\/novoportal\/wp-json\/wp\/v2\/users\/2"}],"replies":[{"embeddable":true,"href":"https:\/\/www.sudoestehoje.com.br\/novoportal\/wp-json\/wp\/v2\/comments?post=100111"}],"version-history":[{"count":3,"href":"https:\/\/www.sudoestehoje.com.br\/novoportal\/wp-json\/wp\/v2\/posts\/100111\/revisions"}],"predecessor-version":[{"id":100115,"href":"https:\/\/www.sudoestehoje.com.br\/novoportal\/wp-json\/wp\/v2\/posts\/100111\/revisions\/100115"}],"wp:featuredmedia":[{"embeddable":true,"href":"https:\/\/www.sudoestehoje.com.br\/novoportal\/wp-json\/wp\/v2\/media\/100114"}],"wp:attachment":[{"href":"https:\/\/www.sudoestehoje.com.br\/novoportal\/wp-json\/wp\/v2\/media?parent=100111"}],"wp:term":[{"taxonomy":"category","embeddable":true,"href":"https:\/\/www.sudoestehoje.com.br\/novoportal\/wp-json\/wp\/v2\/categories?post=100111"},{"taxonomy":"post_tag","embeddable":true,"href":"https:\/\/www.sudoestehoje.com.br\/novoportal\/wp-json\/wp\/v2\/tags?post=100111"}],"curies":[{"name":"wp","href":"https:\/\/api.w.org\/{rel}","templated":true}]}}