
{"id":1001,"date":"2010-10-06T18:08:25","date_gmt":"2010-10-06T21:08:25","guid":{"rendered":"http:\/\/sudoestehoje.tempsite.ws\/novoportal\/?p=1001"},"modified":"2010-10-06T18:09:32","modified_gmt":"2010-10-06T21:09:32","slug":"eleicoes-geddel-diz-a-dilma-que-fica","status":"publish","type":"post","link":"https:\/\/www.sudoestehoje.com.br\/novoportal\/2010\/10\/06\/eleicoes-geddel-diz-a-dilma-que-fica\/","title":{"rendered":"Elei\u00e7\u00f5es: Geddel diz a Dilma que fica"},"content":{"rendered":"<p style=\"text-align: center;\"><img decoding=\"async\" src=\"http:\/\/www.samuelcelestino.com.br\/fotos\/editor\/Image\/Dilma_Geddel_Wagner.jpg\" alt=\"\" \/><\/p>\n<p style=\"text-align: center;\"><strong>Geddel \u00e9 Dilma, desde &#8216;criancinha&#8217;<\/strong><\/p>\n<p>O deputado federal Geddel Vieira Lima (PMDB), que atribuiu a sua derrota\u00a0 \u00e0 interfer\u00eancia de Lula e Dilma,\u00a0decidiu \u00a0atender ao apelo do partido e anunciou que ficar\u00e1 com a petista no segundo turno. Ele se reuniu nesta quarta-feira (6) com Michel Temer, presidente nacional do PMDB\u00a0e vice na chapa de Dilma, e a pr\u00f3pria postulante, para chegar ao entendimento. \u201c<em>Na verdade, permane\u00e7o onde estava. Sou um homem de partido e Temer \u00e9 meu amigo fraterno de mais de 20 anos. Havia uma m\u00e1goa, mas conversamos e tudo est\u00e1 resolvido. At\u00e9 porque, \u00e9 aquilo que falo sempre: quero deixar um legado de lealdade aos meus amigos e meus filhos\u201d,<\/em> declarou Geddel. Resta saber se as bases peemedebistas no Estado acompanhar\u00e3o a decis\u00e3o do l\u00edder.<\/p>\n","protected":false},"excerpt":{"rendered":"<p>Geddel \u00e9 Dilma, desde &#8216;criancinha&#8217; O deputado federal Geddel Vieira Lima (PMDB), que atribuiu a sua derrota\u00a0 \u00e0 interfer\u00eancia de Lula e Dilma,\u00a0decidiu \u00a0atender ao apelo do partido e anunciou que ficar\u00e1 com a petista no segundo turno. Ele se reuniu nesta quarta-feira (6) com Michel Temer, presidente nacional do PMDB\u00a0e vice na chapa de [&hellip;]<\/p>\n","protected":false},"author":2,"featured_media":0,"comment_status":"open","ping_status":"open","sticky":false,"template":"","format":"standard","meta":{"footnotes":"","_links_to":"","_links_to_target":""},"categories":[1],"tags":[],"class_list":["post-1001","post","type-post","status-publish","format-standard","hentry","category-geral"],"views":1310,"_links":{"self":[{"href":"https:\/\/www.sudoestehoje.com.br\/novoportal\/wp-json\/wp\/v2\/posts\/1001","targetHints":{"allow":["GET"]}}],"collection":[{"href":"https:\/\/www.sudoestehoje.com.br\/novoportal\/wp-json\/wp\/v2\/posts"}],"about":[{"href":"https:\/\/www.sudoestehoje.com.br\/novoportal\/wp-json\/wp\/v2\/types\/post"}],"author":[{"embeddable":true,"href":"https:\/\/www.sudoestehoje.com.br\/novoportal\/wp-json\/wp\/v2\/users\/2"}],"replies":[{"embeddable":true,"href":"https:\/\/www.sudoestehoje.com.br\/novoportal\/wp-json\/wp\/v2\/comments?post=1001"}],"version-history":[{"count":3,"href":"https:\/\/www.sudoestehoje.com.br\/novoportal\/wp-json\/wp\/v2\/posts\/1001\/revisions"}],"predecessor-version":[{"id":1004,"href":"https:\/\/www.sudoestehoje.com.br\/novoportal\/wp-json\/wp\/v2\/posts\/1001\/revisions\/1004"}],"wp:attachment":[{"href":"https:\/\/www.sudoestehoje.com.br\/novoportal\/wp-json\/wp\/v2\/media?parent=1001"}],"wp:term":[{"taxonomy":"category","embeddable":true,"href":"https:\/\/www.sudoestehoje.com.br\/novoportal\/wp-json\/wp\/v2\/categories?post=1001"},{"taxonomy":"post_tag","embeddable":true,"href":"https:\/\/www.sudoestehoje.com.br\/novoportal\/wp-json\/wp\/v2\/tags?post=1001"}],"curies":[{"name":"wp","href":"https:\/\/api.w.org\/{rel}","templated":true}]}}