
{"id":100098,"date":"2022-02-03T19:36:19","date_gmt":"2022-02-03T22:36:19","guid":{"rendered":"https:\/\/www.sudoestehoje.com.br\/novoportal\/?p=100098"},"modified":"2022-02-03T19:38:10","modified_gmt":"2022-02-03T22:38:10","slug":"maiquinique-tera-eleicoes-suplementares-caso-tse-confirme-cassacao-de-jesulino","status":"publish","type":"post","link":"https:\/\/www.sudoestehoje.com.br\/novoportal\/2022\/02\/03\/maiquinique-tera-eleicoes-suplementares-caso-tse-confirme-cassacao-de-jesulino\/","title":{"rendered":"MAIQUINIQUE TER\u00c1 ELEI\u00c7\u00d5ES SUPLEMENTARES CASO O TSE CONFIRME CASSA\u00c7\u00c3O DE JESULINO"},"content":{"rendered":"<p><a href=\"https:\/\/www.sudoestehoje.com.br\/novoportal\/wp-content\/uploads\/2022\/02\/IMG_20220128_205616.jpg\"><img loading=\"lazy\" decoding=\"async\" class=\"aligncenter size-medium wp-image-100103\" src=\"https:\/\/www.sudoestehoje.com.br\/novoportal\/wp-content\/uploads\/2022\/02\/IMG_20220128_205616-500x415.jpg\" alt=\"\" width=\"500\" height=\"415\" srcset=\"https:\/\/www.sudoestehoje.com.br\/novoportal\/wp-content\/uploads\/2022\/02\/IMG_20220128_205616-500x415.jpg 500w, https:\/\/www.sudoestehoje.com.br\/novoportal\/wp-content\/uploads\/2022\/02\/IMG_20220128_205616-700x580.jpg 700w, https:\/\/www.sudoestehoje.com.br\/novoportal\/wp-content\/uploads\/2022\/02\/IMG_20220128_205616-768x637.jpg 768w, https:\/\/www.sudoestehoje.com.br\/novoportal\/wp-content\/uploads\/2022\/02\/IMG_20220128_205616.jpg 1000w\" sizes=\"auto, (max-width: 500px) 100vw, 500px\" \/><\/a><\/p>\n<p>Com a confirma\u00e7\u00e3o pelo TRE da senten\u00e7a que cassou os mandatos do prefeito de Maiquinique, Jesulino Porto e sua vice Zaza, nesta quinta-feira (3), o munic\u00edpio dever\u00e1 realizar <strong>elei\u00e7\u00f5es suplementares<\/strong>, caso o TSE tenha o mesmo entendimento da primeira e segunda inst\u00e2ncias, no julgamento do \u00faltimo recurso.<\/p>\n<p>De acordo com o \u00a7 3\u00ba do art. 224 do C\u00f3digo Eleitoral, as elei\u00e7\u00f5es suplementares podem ocorrer se houver decis\u00e3o da Justi\u00e7a Eleitoral de indeferimento do registro, cassa\u00e7\u00e3o do registro ou diploma, ou, ainda, perda de mandato de candidato mais votado em pleito majorit\u00e1rio, independentemente do n\u00famero de votos obtidos por ele.<\/p>\n<p>As elei\u00e7\u00f5es suplementares podem ser realizadas quando h\u00e1 cassa\u00e7\u00e3o do registro ou diploma ou determina\u00e7\u00e3o de perda do mandato do candidato, nos casos de <strong>abuso de poder pol\u00edtico, econ\u00f4mico ou de autoridade<\/strong>; <strong>corrup\u00e7\u00e3o; fraude; utiliza\u00e7\u00e3o il\u00edcita dos meios de comunica\u00e7\u00e3o social;<\/strong> dentre outras causas.<\/p>\n<p>No caso de Maiquinique, prefeito e vice foram cassados por <strong>abuso do poder econ\u00f4mico<\/strong>, configurado atrav\u00e9s de farta distribui\u00e7\u00e3o de combust\u00edvel para participantes de uma carreata, em posto de sua propriedade, \u00e0s v\u00e9speras da elei\u00e7\u00e3o municipal de 2020.<\/p>\n<p>A defesa do prefeito cassado dever\u00e1 recorrer ao TSE, que poder\u00e1 afast\u00e1-lo definitivamente do mandato, junto com sua vice, ou mant\u00ea-lo no cargo, caso o recurso seja julgado procedente.<\/p>\n<p><strong><em>Por Davi Ferraz\u00a0<\/em><\/strong><\/p>\n","protected":false},"excerpt":{"rendered":"<p>Com a confirma\u00e7\u00e3o pelo TRE da senten\u00e7a que cassou os mandatos do prefeito de Maiquinique, Jesulino Porto e sua vice Zaza, nesta quinta-feira (3), o munic\u00edpio dever\u00e1 realizar elei\u00e7\u00f5es suplementares, caso o TSE tenha o mesmo entendimento da primeira e segunda inst\u00e2ncias, no julgamento do \u00faltimo recurso. De acordo com o \u00a7 3\u00ba do art. [&hellip;]<\/p>\n","protected":false},"author":2,"featured_media":100103,"comment_status":"open","ping_status":"open","sticky":false,"template":"","format":"standard","meta":{"footnotes":"","_links_to":"","_links_to_target":""},"categories":[1],"tags":[],"class_list":["post-100098","post","type-post","status-publish","format-standard","has-post-thumbnail","hentry","category-geral"],"views":1124,"_links":{"self":[{"href":"https:\/\/www.sudoestehoje.com.br\/novoportal\/wp-json\/wp\/v2\/posts\/100098","targetHints":{"allow":["GET"]}}],"collection":[{"href":"https:\/\/www.sudoestehoje.com.br\/novoportal\/wp-json\/wp\/v2\/posts"}],"about":[{"href":"https:\/\/www.sudoestehoje.com.br\/novoportal\/wp-json\/wp\/v2\/types\/post"}],"author":[{"embeddable":true,"href":"https:\/\/www.sudoestehoje.com.br\/novoportal\/wp-json\/wp\/v2\/users\/2"}],"replies":[{"embeddable":true,"href":"https:\/\/www.sudoestehoje.com.br\/novoportal\/wp-json\/wp\/v2\/comments?post=100098"}],"version-history":[{"count":9,"href":"https:\/\/www.sudoestehoje.com.br\/novoportal\/wp-json\/wp\/v2\/posts\/100098\/revisions"}],"predecessor-version":[{"id":100110,"href":"https:\/\/www.sudoestehoje.com.br\/novoportal\/wp-json\/wp\/v2\/posts\/100098\/revisions\/100110"}],"wp:featuredmedia":[{"embeddable":true,"href":"https:\/\/www.sudoestehoje.com.br\/novoportal\/wp-json\/wp\/v2\/media\/100103"}],"wp:attachment":[{"href":"https:\/\/www.sudoestehoje.com.br\/novoportal\/wp-json\/wp\/v2\/media?parent=100098"}],"wp:term":[{"taxonomy":"category","embeddable":true,"href":"https:\/\/www.sudoestehoje.com.br\/novoportal\/wp-json\/wp\/v2\/categories?post=100098"},{"taxonomy":"post_tag","embeddable":true,"href":"https:\/\/www.sudoestehoje.com.br\/novoportal\/wp-json\/wp\/v2\/tags?post=100098"}],"curies":[{"name":"wp","href":"https:\/\/api.w.org\/{rel}","templated":true}]}}