
{"id":100071,"date":"2022-02-01T17:57:24","date_gmt":"2022-02-01T20:57:24","guid":{"rendered":"https:\/\/www.sudoestehoje.com.br\/novoportal\/?p=100071"},"modified":"2022-02-01T17:57:24","modified_gmt":"2022-02-01T20:57:24","slug":"relutante-rui-garante-que-ainda-vai-vacinar-filhas-contra-a-covid-19","status":"publish","type":"post","link":"https:\/\/www.sudoestehoje.com.br\/novoportal\/2022\/02\/01\/relutante-rui-garante-que-ainda-vai-vacinar-filhas-contra-a-covid-19\/","title":{"rendered":"RELUTANTE, RUI GARANTE QUE AINDA VAI VACINAR FILHAS CONTRA A COVID-19"},"content":{"rendered":"<p><a href=\"https:\/\/www.sudoestehoje.com.br\/novoportal\/wp-content\/uploads\/2022\/02\/csm_pjimage__10__26948d6899.jpg\"><img loading=\"lazy\" decoding=\"async\" class=\"aligncenter size-medium wp-image-100073\" src=\"https:\/\/www.sudoestehoje.com.br\/novoportal\/wp-content\/uploads\/2022\/02\/csm_pjimage__10__26948d6899-500x334.jpg\" alt=\"\" width=\"500\" height=\"334\" srcset=\"https:\/\/www.sudoestehoje.com.br\/novoportal\/wp-content\/uploads\/2022\/02\/csm_pjimage__10__26948d6899-500x334.jpg 500w, https:\/\/www.sudoestehoje.com.br\/novoportal\/wp-content\/uploads\/2022\/02\/csm_pjimage__10__26948d6899-700x467.jpg 700w, https:\/\/www.sudoestehoje.com.br\/novoportal\/wp-content\/uploads\/2022\/02\/csm_pjimage__10__26948d6899-768x512.jpg 768w, https:\/\/www.sudoestehoje.com.br\/novoportal\/wp-content\/uploads\/2022\/02\/csm_pjimage__10__26948d6899.jpg 940w\" sizes=\"auto, (max-width: 500px) 100vw, 500px\" \/><\/a><\/p>\n<p>O governador Rui Costa confirmou nesta ter\u00e7a-feira, 1\u00ba, que ainda n\u00e3o vacinou contra a covid-19 suas filhas Marina e Malu, ambas com idade para receber o imunizante, mas disse que ambas ser\u00e3o vacinadas sem &#8220;ato pol\u00edtico&#8221;. Em Salvador, todo o p\u00fablico de 5 a 11 anos come\u00e7ou a ser imunizado no dia 22 de janeiro. O prefeito Bruno Reis n\u00e3o informou ou divulgou a vacina\u00e7\u00e3o de seus filhos.<\/p>\n<p><em>&#8220;Minhas filhas ser\u00e3o sim vacinadas contra a Covid-19! Mas isso n\u00e3o se tornar\u00e1 um ato pol\u00edtico, como querem alguns. Sempre defendi a ci\u00eancia e a vacina, mas n\u00e3o vou expor minhas filhas pra satisfazer vontade de gente inescrupulosa. Quem tem vida p\u00fablica e pol\u00edtica sou eu, n\u00e3o elas&#8221;<\/em>, escreveu o governador no Twitter. Rui ainda reclamou da<em> &#8220;capacidade de algumas pessoas de jogarem baixo e usarem a imagem de crian\u00e7as para fazer ataques pol\u00edticos e ideol\u00f3gicos&#8221;. &#8220;Aviso que estou processando todos&#8221;,<\/em> completou.<\/p>\n<p>S\u00f3 n\u00e3o pode demorar muito, para n\u00e3o dar mau exemplo&#8230;<\/p>\n","protected":false},"excerpt":{"rendered":"<p>O governador Rui Costa confirmou nesta ter\u00e7a-feira, 1\u00ba, que ainda n\u00e3o vacinou contra a covid-19 suas filhas Marina e Malu, ambas com idade para receber o imunizante, mas disse que ambas ser\u00e3o vacinadas sem &#8220;ato pol\u00edtico&#8221;. Em Salvador, todo o p\u00fablico de 5 a 11 anos come\u00e7ou a ser imunizado no dia 22 de janeiro. [&hellip;]<\/p>\n","protected":false},"author":2,"featured_media":100073,"comment_status":"open","ping_status":"open","sticky":false,"template":"","format":"standard","meta":{"footnotes":"","_links_to":"","_links_to_target":""},"categories":[1],"tags":[],"class_list":["post-100071","post","type-post","status-publish","format-standard","has-post-thumbnail","hentry","category-geral"],"views":1180,"_links":{"self":[{"href":"https:\/\/www.sudoestehoje.com.br\/novoportal\/wp-json\/wp\/v2\/posts\/100071","targetHints":{"allow":["GET"]}}],"collection":[{"href":"https:\/\/www.sudoestehoje.com.br\/novoportal\/wp-json\/wp\/v2\/posts"}],"about":[{"href":"https:\/\/www.sudoestehoje.com.br\/novoportal\/wp-json\/wp\/v2\/types\/post"}],"author":[{"embeddable":true,"href":"https:\/\/www.sudoestehoje.com.br\/novoportal\/wp-json\/wp\/v2\/users\/2"}],"replies":[{"embeddable":true,"href":"https:\/\/www.sudoestehoje.com.br\/novoportal\/wp-json\/wp\/v2\/comments?post=100071"}],"version-history":[{"count":2,"href":"https:\/\/www.sudoestehoje.com.br\/novoportal\/wp-json\/wp\/v2\/posts\/100071\/revisions"}],"predecessor-version":[{"id":100074,"href":"https:\/\/www.sudoestehoje.com.br\/novoportal\/wp-json\/wp\/v2\/posts\/100071\/revisions\/100074"}],"wp:featuredmedia":[{"embeddable":true,"href":"https:\/\/www.sudoestehoje.com.br\/novoportal\/wp-json\/wp\/v2\/media\/100073"}],"wp:attachment":[{"href":"https:\/\/www.sudoestehoje.com.br\/novoportal\/wp-json\/wp\/v2\/media?parent=100071"}],"wp:term":[{"taxonomy":"category","embeddable":true,"href":"https:\/\/www.sudoestehoje.com.br\/novoportal\/wp-json\/wp\/v2\/categories?post=100071"},{"taxonomy":"post_tag","embeddable":true,"href":"https:\/\/www.sudoestehoje.com.br\/novoportal\/wp-json\/wp\/v2\/tags?post=100071"}],"curies":[{"name":"wp","href":"https:\/\/api.w.org\/{rel}","templated":true}]}}