
{"id":100060,"date":"2022-01-31T23:09:15","date_gmt":"2022-02-01T02:09:15","guid":{"rendered":"https:\/\/www.sudoestehoje.com.br\/novoportal\/?p=100060"},"modified":"2022-01-31T23:09:15","modified_gmt":"2022-02-01T02:09:15","slug":"bahia-ultrapassa-pico-de-2020-e-chega-a-31-884-casos-ativos-da-covid-19","status":"publish","type":"post","link":"https:\/\/www.sudoestehoje.com.br\/novoportal\/2022\/01\/31\/bahia-ultrapassa-pico-de-2020-e-chega-a-31-884-casos-ativos-da-covid-19\/","title":{"rendered":"BAHIA ULTRAPASSA PICO DE 2020 E CHEGA A 31.884 CASOS ATIVOS DA COVID-19"},"content":{"rendered":"<p><a href=\"https:\/\/www.sudoestehoje.com.br\/novoportal\/wp-content\/uploads\/2022\/01\/0d7f64ec2af585e9e6a70038e6a5eefb.jpg\"><img loading=\"lazy\" decoding=\"async\" class=\"aligncenter size-medium wp-image-100061\" src=\"https:\/\/www.sudoestehoje.com.br\/novoportal\/wp-content\/uploads\/2022\/01\/0d7f64ec2af585e9e6a70038e6a5eefb-500x333.jpg\" alt=\"\" width=\"500\" height=\"333\" srcset=\"https:\/\/www.sudoestehoje.com.br\/novoportal\/wp-content\/uploads\/2022\/01\/0d7f64ec2af585e9e6a70038e6a5eefb-500x333.jpg 500w, https:\/\/www.sudoestehoje.com.br\/novoportal\/wp-content\/uploads\/2022\/01\/0d7f64ec2af585e9e6a70038e6a5eefb-700x466.jpg 700w, https:\/\/www.sudoestehoje.com.br\/novoportal\/wp-content\/uploads\/2022\/01\/0d7f64ec2af585e9e6a70038e6a5eefb-768x511.jpg 768w, https:\/\/www.sudoestehoje.com.br\/novoportal\/wp-content\/uploads\/2022\/01\/0d7f64ec2af585e9e6a70038e6a5eefb.jpg 1000w\" sizes=\"auto, (max-width: 500px) 100vw, 500px\" \/><\/a><\/p>\n<p>O boletim epidemiol\u00f3gico divulgado pela Secretaria Estadual da Sa\u00fade neste s\u00e1bado (29) registra 31.884 casos ativos de Covid-19 na Bahia. Esse \u00e9 o maior n\u00famero casos ativos registrado no estado durante toda a pandemia, ultrapassando os 30.221 casos do dia 13 de julho de 2020.<\/p>\n<p>Nas \u00faltimas 24 horas, tamb\u00e9m foram registrados 8.125 casos de Covid-19, 5.898 recuperados e mais 13 \u00f3bitos. Dos 1.355.500 casos confirmados desde o in\u00edcio da pandemia, 1.295.709 j\u00e1 s\u00e3o considerados recuperados e 27.907 evolu\u00edram para \u00f3bito.<\/p>\n<p>O boletim epidemiol\u00f3gico contabiliza ainda 1.727.312 casos descartados e 307.295 em investiga\u00e7\u00e3o. Na Bahia, 57.126 profissionais da sa\u00fade foram confirmados para Covid-19.<\/p>\n","protected":false},"excerpt":{"rendered":"<p>O boletim epidemiol\u00f3gico divulgado pela Secretaria Estadual da Sa\u00fade neste s\u00e1bado (29) registra 31.884 casos ativos de Covid-19 na Bahia. Esse \u00e9 o maior n\u00famero casos ativos registrado no estado durante toda a pandemia, ultrapassando os 30.221 casos do dia 13 de julho de 2020. Nas \u00faltimas 24 horas, tamb\u00e9m foram registrados 8.125 casos de [&hellip;]<\/p>\n","protected":false},"author":2,"featured_media":100061,"comment_status":"open","ping_status":"open","sticky":false,"template":"","format":"standard","meta":{"footnotes":"","_links_to":"","_links_to_target":""},"categories":[1],"tags":[],"class_list":["post-100060","post","type-post","status-publish","format-standard","has-post-thumbnail","hentry","category-geral"],"views":662,"_links":{"self":[{"href":"https:\/\/www.sudoestehoje.com.br\/novoportal\/wp-json\/wp\/v2\/posts\/100060","targetHints":{"allow":["GET"]}}],"collection":[{"href":"https:\/\/www.sudoestehoje.com.br\/novoportal\/wp-json\/wp\/v2\/posts"}],"about":[{"href":"https:\/\/www.sudoestehoje.com.br\/novoportal\/wp-json\/wp\/v2\/types\/post"}],"author":[{"embeddable":true,"href":"https:\/\/www.sudoestehoje.com.br\/novoportal\/wp-json\/wp\/v2\/users\/2"}],"replies":[{"embeddable":true,"href":"https:\/\/www.sudoestehoje.com.br\/novoportal\/wp-json\/wp\/v2\/comments?post=100060"}],"version-history":[{"count":1,"href":"https:\/\/www.sudoestehoje.com.br\/novoportal\/wp-json\/wp\/v2\/posts\/100060\/revisions"}],"predecessor-version":[{"id":100062,"href":"https:\/\/www.sudoestehoje.com.br\/novoportal\/wp-json\/wp\/v2\/posts\/100060\/revisions\/100062"}],"wp:featuredmedia":[{"embeddable":true,"href":"https:\/\/www.sudoestehoje.com.br\/novoportal\/wp-json\/wp\/v2\/media\/100061"}],"wp:attachment":[{"href":"https:\/\/www.sudoestehoje.com.br\/novoportal\/wp-json\/wp\/v2\/media?parent=100060"}],"wp:term":[{"taxonomy":"category","embeddable":true,"href":"https:\/\/www.sudoestehoje.com.br\/novoportal\/wp-json\/wp\/v2\/categories?post=100060"},{"taxonomy":"post_tag","embeddable":true,"href":"https:\/\/www.sudoestehoje.com.br\/novoportal\/wp-json\/wp\/v2\/tags?post=100060"}],"curies":[{"name":"wp","href":"https:\/\/api.w.org\/{rel}","templated":true}]}}