
{"id":100004,"date":"2022-01-30T10:57:19","date_gmt":"2022-01-30T13:57:19","guid":{"rendered":"https:\/\/www.sudoestehoje.com.br\/novoportal\/?p=100004"},"modified":"2022-01-30T11:19:31","modified_gmt":"2022-01-30T14:19:31","slug":"bn-seculus-acm-lidera-corrida-para-o-governo-da-bahia-e-venceria-no-1o-turno","status":"publish","type":"post","link":"https:\/\/www.sudoestehoje.com.br\/novoportal\/2022\/01\/30\/bn-seculus-acm-lidera-corrida-para-o-governo-da-bahia-e-venceria-no-1o-turno\/","title":{"rendered":"BN\/S\u00c9CULUS: ACM LIDERA CORRIDA PARA O GOVERNO DA BAHIA E VENCERIA NO 1\u00ba  TURNO"},"content":{"rendered":"<p><a href=\"https:\/\/www.sudoestehoje.com.br\/novoportal\/wp-content\/uploads\/2022\/01\/acmneto.jpg\"><img loading=\"lazy\" decoding=\"async\" class=\"aligncenter size-medium wp-image-100005\" src=\"https:\/\/www.sudoestehoje.com.br\/novoportal\/wp-content\/uploads\/2022\/01\/acmneto-500x334.jpg\" alt=\"\" width=\"500\" height=\"334\" srcset=\"https:\/\/www.sudoestehoje.com.br\/novoportal\/wp-content\/uploads\/2022\/01\/acmneto-500x334.jpg 500w, https:\/\/www.sudoestehoje.com.br\/novoportal\/wp-content\/uploads\/2022\/01\/acmneto-700x467.jpg 700w, https:\/\/www.sudoestehoje.com.br\/novoportal\/wp-content\/uploads\/2022\/01\/acmneto-768x512.jpg 768w, https:\/\/www.sudoestehoje.com.br\/novoportal\/wp-content\/uploads\/2022\/01\/acmneto.jpg 1000w\" sizes=\"auto, (max-width: 500px) 100vw, 500px\" \/><\/a><\/p>\n<p>ACM Neto (DEM) lidera a corrida para o governo da Bahia e venceria as elei\u00e7\u00f5es deste ano no primeiro turno. \u00c9 o que diz o primeiro levantamento de 2022 da S\u00e9culus, em parceria com o Bahia Not\u00edcias. O ex-prefeito de Salvador apresenta mais que o dobro das inten\u00e7\u00f5es de voto do senador Jaques Wagner (PT) nos dois cen\u00e1rios pesquisados pelo instituto.<\/p>\n<p>No primeiro cen\u00e1rio, Neto aparece com 54,72% das inten\u00e7\u00f5es de voto. Wagner, em segundo lugar, pontua 24,57%. Em seguida, aparecem o ministro da Cidadania, Jo\u00e3o Roma (Republicanos), com 4,26%; o vice-governador da Bahia, Jo\u00e3o Le\u00e3o (PP), com 1,77%; o senador Otto Al<b><strong>encar (PSD), com 1,25%; a valorix\u00e1 Bernardete Souza (PSOL), com 0,66%; e Dra. Ra\u00edssa Soares (sem partido), com 0,59%. Responderam \u201cnenhum\u201d, 8,19% dos entrevistados, enquanto 4% n\u00e3o sabem ou n\u00e3o opinaram.<\/strong><\/b><\/p>\n<p>Em um segundo cen\u00e1rio pesquisado pelo instituto S\u00e9culus, com um n\u00famero menor de candidatos, ACM Neto chega a 55,7% das inten\u00e7\u00f5es de voto, contra 25,56% de Jaques Wagner; 5,57% de Jo\u00e3o Roma; e 1,05% de Bernardete Souza. Responderam \u201cnenhum\u201d, 8,19% dos entrevistados, enquanto 3,93% n\u00e3o sabem ou n\u00e3o opinaram.<\/p>\n<p><span style=\"color: #0000ff;\"><strong><a style=\"color: #0000ff;\" href=\"https:\/\/www.bahianoticias.com.br\/noticia\/265697-bnseculus-acm-neto-lidera-corrida-para-o-governo-da-bahia-e-venceria-no-1-turno.html?utm_source=principal&amp;utm_medium=link&amp;utm_campaign=destaques\">CONFIRA MAT\u00c9RIA COMPLETA NO BN<\/a><\/strong><\/span><\/p>\n","protected":false},"excerpt":{"rendered":"<p>ACM Neto (DEM) lidera a corrida para o governo da Bahia e venceria as elei\u00e7\u00f5es deste ano no primeiro turno. \u00c9 o que diz o primeiro levantamento de 2022 da S\u00e9culus, em parceria com o Bahia Not\u00edcias. O ex-prefeito de Salvador apresenta mais que o dobro das inten\u00e7\u00f5es de voto do senador Jaques Wagner (PT) [&hellip;]<\/p>\n","protected":false},"author":2,"featured_media":100005,"comment_status":"open","ping_status":"open","sticky":false,"template":"","format":"standard","meta":{"footnotes":"","_links_to":"","_links_to_target":""},"categories":[1],"tags":[],"class_list":["post-100004","post","type-post","status-publish","format-standard","has-post-thumbnail","hentry","category-geral"],"views":1006,"_links":{"self":[{"href":"https:\/\/www.sudoestehoje.com.br\/novoportal\/wp-json\/wp\/v2\/posts\/100004","targetHints":{"allow":["GET"]}}],"collection":[{"href":"https:\/\/www.sudoestehoje.com.br\/novoportal\/wp-json\/wp\/v2\/posts"}],"about":[{"href":"https:\/\/www.sudoestehoje.com.br\/novoportal\/wp-json\/wp\/v2\/types\/post"}],"author":[{"embeddable":true,"href":"https:\/\/www.sudoestehoje.com.br\/novoportal\/wp-json\/wp\/v2\/users\/2"}],"replies":[{"embeddable":true,"href":"https:\/\/www.sudoestehoje.com.br\/novoportal\/wp-json\/wp\/v2\/comments?post=100004"}],"version-history":[{"count":3,"href":"https:\/\/www.sudoestehoje.com.br\/novoportal\/wp-json\/wp\/v2\/posts\/100004\/revisions"}],"predecessor-version":[{"id":100019,"href":"https:\/\/www.sudoestehoje.com.br\/novoportal\/wp-json\/wp\/v2\/posts\/100004\/revisions\/100019"}],"wp:featuredmedia":[{"embeddable":true,"href":"https:\/\/www.sudoestehoje.com.br\/novoportal\/wp-json\/wp\/v2\/media\/100005"}],"wp:attachment":[{"href":"https:\/\/www.sudoestehoje.com.br\/novoportal\/wp-json\/wp\/v2\/media?parent=100004"}],"wp:term":[{"taxonomy":"category","embeddable":true,"href":"https:\/\/www.sudoestehoje.com.br\/novoportal\/wp-json\/wp\/v2\/categories?post=100004"},{"taxonomy":"post_tag","embeddable":true,"href":"https:\/\/www.sudoestehoje.com.br\/novoportal\/wp-json\/wp\/v2\/tags?post=100004"}],"curies":[{"name":"wp","href":"https:\/\/api.w.org\/{rel}","templated":true}]}}