
{"id":100000,"date":"2022-01-29T21:00:21","date_gmt":"2022-01-30T00:00:21","guid":{"rendered":"https:\/\/www.sudoestehoje.com.br\/novoportal\/?p=100000"},"modified":"2022-01-29T21:00:21","modified_gmt":"2022-01-30T00:00:21","slug":"itapetinga-ruas-do-centro-comecam-a-ser-liberadas-para-o-trafego","status":"publish","type":"post","link":"https:\/\/www.sudoestehoje.com.br\/novoportal\/2022\/01\/29\/itapetinga-ruas-do-centro-comecam-a-ser-liberadas-para-o-trafego\/","title":{"rendered":"ITAPETINGA: RUAS DO CENTRO COME\u00c7AM A SER LIBERADAS PARA O TR\u00c1FEGO"},"content":{"rendered":"<p><a href=\"https:\/\/www.sudoestehoje.com.br\/novoportal\/wp-content\/uploads\/2022\/01\/WhatsApp-Image-2022-01-29-at-12.41.08.jpeg\"><img loading=\"lazy\" decoding=\"async\" class=\"aligncenter size-medium wp-image-100001\" src=\"https:\/\/www.sudoestehoje.com.br\/novoportal\/wp-content\/uploads\/2022\/01\/WhatsApp-Image-2022-01-29-at-12.41.08-500x299.jpeg\" alt=\"\" width=\"500\" height=\"299\" srcset=\"https:\/\/www.sudoestehoje.com.br\/novoportal\/wp-content\/uploads\/2022\/01\/WhatsApp-Image-2022-01-29-at-12.41.08-500x299.jpeg 500w, https:\/\/www.sudoestehoje.com.br\/novoportal\/wp-content\/uploads\/2022\/01\/WhatsApp-Image-2022-01-29-at-12.41.08-700x419.jpeg 700w, https:\/\/www.sudoestehoje.com.br\/novoportal\/wp-content\/uploads\/2022\/01\/WhatsApp-Image-2022-01-29-at-12.41.08-768x460.jpeg 768w, https:\/\/www.sudoestehoje.com.br\/novoportal\/wp-content\/uploads\/2022\/01\/WhatsApp-Image-2022-01-29-at-12.41.08.jpeg 1280w\" sizes=\"auto, (max-width: 500px) 100vw, 500px\" \/><\/a><\/p>\n<p>Depois de serem interditadas para reparos, devido aos estragos das chuvas, algumas vias centrais de Itapetinga come\u00e7am a ser liberadas para o tr\u00e1fego.<\/p>\n<p>Durante a semana, duas vias importantes, a D. Pedro II e Bar\u00e3o do Rio Branco, sofreram interven\u00e7\u00f5es, mas acabaram sendo liberadas nesta sexta-feira (28), normalizando o tr\u00e1fego de ve\u00edculos no centro comercial da cidade.<\/p>\n<p>Mesmo assim, muitas vias importantes e travessas, no centro e nos bairros, precisam ser recuperadas pelas equipes da secretaria de urbanismo e SAAE, que ainda n\u00e3o tiveram descanso neste m\u00eas de janeiro, depois das chuvas.<\/p>\n<p><strong><em>Reda\u00e7\u00e3o<\/em><\/strong><\/p>\n","protected":false},"excerpt":{"rendered":"<p>Depois de serem interditadas para reparos, devido aos estragos das chuvas, algumas vias centrais de Itapetinga come\u00e7am a ser liberadas para o tr\u00e1fego. Durante a semana, duas vias importantes, a D. Pedro II e Bar\u00e3o do Rio Branco, sofreram interven\u00e7\u00f5es, mas acabaram sendo liberadas nesta sexta-feira (28), normalizando o tr\u00e1fego de ve\u00edculos no centro comercial [&hellip;]<\/p>\n","protected":false},"author":2,"featured_media":100001,"comment_status":"open","ping_status":"open","sticky":false,"template":"","format":"standard","meta":{"footnotes":"","_links_to":"","_links_to_target":""},"categories":[1],"tags":[],"class_list":["post-100000","post","type-post","status-publish","format-standard","has-post-thumbnail","hentry","category-geral"],"views":1067,"_links":{"self":[{"href":"https:\/\/www.sudoestehoje.com.br\/novoportal\/wp-json\/wp\/v2\/posts\/100000","targetHints":{"allow":["GET"]}}],"collection":[{"href":"https:\/\/www.sudoestehoje.com.br\/novoportal\/wp-json\/wp\/v2\/posts"}],"about":[{"href":"https:\/\/www.sudoestehoje.com.br\/novoportal\/wp-json\/wp\/v2\/types\/post"}],"author":[{"embeddable":true,"href":"https:\/\/www.sudoestehoje.com.br\/novoportal\/wp-json\/wp\/v2\/users\/2"}],"replies":[{"embeddable":true,"href":"https:\/\/www.sudoestehoje.com.br\/novoportal\/wp-json\/wp\/v2\/comments?post=100000"}],"version-history":[{"count":1,"href":"https:\/\/www.sudoestehoje.com.br\/novoportal\/wp-json\/wp\/v2\/posts\/100000\/revisions"}],"predecessor-version":[{"id":100002,"href":"https:\/\/www.sudoestehoje.com.br\/novoportal\/wp-json\/wp\/v2\/posts\/100000\/revisions\/100002"}],"wp:featuredmedia":[{"embeddable":true,"href":"https:\/\/www.sudoestehoje.com.br\/novoportal\/wp-json\/wp\/v2\/media\/100001"}],"wp:attachment":[{"href":"https:\/\/www.sudoestehoje.com.br\/novoportal\/wp-json\/wp\/v2\/media?parent=100000"}],"wp:term":[{"taxonomy":"category","embeddable":true,"href":"https:\/\/www.sudoestehoje.com.br\/novoportal\/wp-json\/wp\/v2\/categories?post=100000"},{"taxonomy":"post_tag","embeddable":true,"href":"https:\/\/www.sudoestehoje.com.br\/novoportal\/wp-json\/wp\/v2\/tags?post=100000"}],"curies":[{"name":"wp","href":"https:\/\/api.w.org\/{rel}","templated":true}]}}